{"id":34666,"date":"2021-11-23T17:31:26","date_gmt":"2021-11-23T15:31:26","guid":{"rendered":"https:\/\/www.ecomnewsmed.com\/?post_type=news&#038;p=34666"},"modified":"2021-11-24T11:18:21","modified_gmt":"2021-11-24T09:18:21","slug":"espana-confirma-su-apoyo-a-la-integracion-de-turquia-en-la-union-europea","status":"publish","type":"news","link":"https:\/\/www.ecomnewsmed.com\/en\/2021\/11\/23\/espana-confirma-su-apoyo-a-la-integracion-de-turquia-en-la-union-europea\/","title":{"rendered":"Espa\u00f1a confirma su apoyo a la integraci\u00f3n de Turqu\u00eda en la Uni\u00f3n Europea"},"content":"\n  \n    \n      \nEl Primer Ministro espa\u00f1ol afirm\u00f3 el apoyo de su pa\u00eds a la perspectiva europea de Turqu\u00eda.\n\n    \n  \n\n\n  \n    \n      \n&#8220;&#8221;Queremos que Turqu\u00eda se una a la Uni\u00f3n Europea, dijo. Turqu\u00eda no es s\u00f3lo un vecino, sino un socio de la UE, un aliado&#8221;&#8221;.\n\n    \n  \n\n\n  \n    \n      \nS\u00e1nchez destac\u00f3 que el volumen de comercio bilateral entre Turqu\u00eda se ha incrementado considerablemente y consider\u00f3 &#8220;&#8221;muy positivas&#8221;&#8221; las relaciones bilaterales entre los dos pa\u00edses.\n\n    \n  \n\n\n  \n    \n      \nTambi\u00e9n se\u00f1al\u00f3 que las dos partes han fortalecido su cooperaci\u00f3n en los campos del turismo y la cultura.\n\n    \n  \n\n\n  \n    \n      \nEl Primer Ministro record\u00f3 que su pa\u00eds ha brindado apoyo en la lucha contra los \u00faltimos incendios forestales en Turqu\u00eda, al igual que Ankara proporcion\u00f3 equipos m\u00e9dicos a Madrid al inicio de la pandemia Covid-19.\n\n    \n  \n\n\n  \n    \n      \nS\u00e1nchez se\u00f1al\u00f3 que Espa\u00f1a y Turqu\u00eda persiguen un objetivo de seguridad com\u00fan a trav\u00e9s de la cooperaci\u00f3n dentro de la Organizaci\u00f3n del Tratado del Atl\u00e1ntico Norte (OTAN).\n\n    \n  \n\n\n  \n    \n      \nAcogi\u00f3 con satisfacci\u00f3n la firma de seis nuevos acuerdos en los campos de las energ\u00edas renovables, el agua, el trabajo, el deporte, la ciencia, la lucha contra los desastres naturales y a\u00f1adi\u00f3 que los dos socios seguir\u00e1n construyendo este futuro com\u00fan.\n\n    \n  \n\n\n  \n    \n      \nLa primera Cumbre Intergubernamental Turqu\u00eda-Espa\u00f1a se celebr\u00f3 el 5 de abril de 2009 en Estambul, mientras que la \u00faltima tuvo lugar el 24 de abril de 2018 en la capital espa\u00f1ola, Madrid.&#8221;\n\n    \n  \n\n","author":15,"featured_media":30975,"comment_status":"open","ping_status":"closed","template":"","tags":[6030,5790,5761,6081,5760,6090,5842],"location":[5740,5668],"class_list":["post-34666","news","type-news","status-publish","has-post-thumbnail","hentry","tag-cooperation","tag-culture","tag-decision-makers","tag-european-union","tag-mediterranean-exchanges","tag-spain","tag-tourism","location-med-2","location-turkey"],"short_url":"https:\/\/bit.ly\/3CKeUkg","have_related_news":"","chapo":"<p class=\"p1\">Pedro S\u00e1nchez y su delegaci\u00f3n fueron recibidos por el presidente turco, Recep Tayyip Erdogan, en el Complejo Presidencial de Ankara como parte de la VII Cumbre Intergubernamental Turqu\u00eda-Espa\u00f1a. Los dos l\u00edderes organizaron una conferencia de prensa conjunta al final de su reuni\u00f3n. \"\"Las relaciones bilaterales entre Turqu\u00eda y Espa\u00f1a han alcanzado un nivel extraordinario\"\", dijo el primer ministro espa\u00f1ol, Pedro S\u00e1nchez.<\/p>","media":{"src":"https:\/\/www.ecomnewsmed.com\/app\/uploads\/2020\/12\/what-if-turkey-had-become-a-center-of-attraction-for-global-investment-with-its-reforms-of-the-past-18-years-550x360.png","srcset":"https:\/\/www.ecomnewsmed.com\/app\/uploads\/2020\/12\/what-if-turkey-had-become-a-center-of-attraction-for-global-investment-with-its-reforms-of-the-past-18-years-550x360.png 550w","sizes":"550px","alt":"What if Turkey had become a center of attraction for global investment with its reforms of the past 18 years?","width":550,"height":360,"ratio":0.62,"credit_photo":""},"media-news-header":{"src":"https:\/\/www.ecomnewsmed.com\/app\/uploads\/2020\/12\/what-if-turkey-had-become-a-center-of-attraction-for-global-investment-with-its-reforms-of-the-past-18-years.png","srcset":"https:\/\/www.ecomnewsmed.com\/app\/uploads\/2020\/12\/what-if-turkey-had-become-a-center-of-attraction-for-global-investment-with-its-reforms-of-the-past-18-years.png 1170w","sizes":"1170px","alt":"What if Turkey had become a center of attraction for global investment with its reforms of the past 18 years?","width":1170,"height":658,"ratio":0.62,"credit_photo":""},"acf":[],"yoast_head":"<!-- This site is optimized with the Yoast SEO plugin v21.9.1 - https:\/\/yoast.com\/wordpress\/plugins\/seo\/ -->\n<title>Espa\u00f1a confirma su apoyo a la integraci\u00f3n de Turqu\u00eda en la Uni\u00f3n Europea - Ecomnews Med<\/title>\n<meta name=\"description\" content=\"El Primer Ministro espa\u00f1ol afirm\u00f3 el apoyo de su pa\u00eds a la perspectiva europea de Turqu\u00eda. &quot;&quot;Queremos que Turqu\u00eda se una a la Uni\u00f3n Europea, dijo. Turqu\u00eda\" \/>\n<meta name=\"robots\" content=\"index, follow, max-snippet:-1, max-image-preview:large, max-video-preview:-1\" \/>\n<link rel=\"canonical\" href=\"https:\/\/www.ecomnewsmed.com\/en\/2021\/11\/23\/espana-confirma-su-apoyo-a-la-integracion-de-turquia-en-la-union-europea\/\" \/>\n<meta property=\"og:locale\" content=\"en_US\" \/>\n<meta property=\"og:type\" content=\"article\" \/>\n<meta property=\"og:title\" content=\"Espa\u00f1a confirma su apoyo a la integraci\u00f3n de Turqu\u00eda en la Uni\u00f3n Europea - Ecomnews Med\" \/>\n<meta property=\"og:description\" content=\"El Primer Ministro espa\u00f1ol afirm\u00f3 el apoyo de su pa\u00eds a la perspectiva europea de Turqu\u00eda. &quot;&quot;Queremos que Turqu\u00eda se una a la Uni\u00f3n Europea, dijo. Turqu\u00eda\" \/>\n<meta property=\"og:url\" content=\"https:\/\/www.ecomnewsmed.com\/en\/2021\/11\/23\/espana-confirma-su-apoyo-a-la-integracion-de-turquia-en-la-union-europea\/\" \/>\n<meta property=\"og:site_name\" content=\"Ecomnews Med\" \/>\n<meta property=\"article:modified_time\" content=\"2021-11-24T09:18:21+00:00\" \/>\n<meta property=\"og:image\" content=\"https:\/\/www.ecomnewsmed.com\/app\/uploads\/2020\/12\/what-if-turkey-had-become-a-center-of-attraction-for-global-investment-with-its-reforms-of-the-past-18-years.png\" \/>\n\t<meta property=\"og:image:width\" content=\"1054\" \/>\n\t<meta property=\"og:image:height\" content=\"656\" \/>\n\t<meta property=\"og:image:type\" content=\"image\/png\" \/>\n<meta name=\"twitter:card\" content=\"summary_large_image\" \/>\n<meta name=\"twitter:label1\" content=\"Est. reading time\" \/>\n\t<meta name=\"twitter:data1\" content=\"1 minute\" \/>\n<script type=\"application\/ld+json\" class=\"yoast-schema-graph\">{\"@context\":\"https:\/\/schema.org\",\"@graph\":[{\"@type\":\"WebPage\",\"@id\":\"https:\/\/www.ecomnewsmed.com\/en\/2021\/11\/23\/espana-confirma-su-apoyo-a-la-integracion-de-turquia-en-la-union-europea\/\",\"url\":\"https:\/\/www.ecomnewsmed.com\/en\/2021\/11\/23\/espana-confirma-su-apoyo-a-la-integracion-de-turquia-en-la-union-europea\/\",\"name\":\"Espa\u00f1a confirma su apoyo a la integraci\u00f3n de Turqu\u00eda en la Uni\u00f3n Europea - Ecomnews Med\",\"isPartOf\":{\"@id\":\"https:\/\/www.ecomnewsmed.com\/en\/#website\"},\"datePublished\":\"2021-11-23T15:31:26+00:00\",\"dateModified\":\"2021-11-24T09:18:21+00:00\",\"description\":\"El Primer Ministro espa\u00f1ol afirm\u00f3 el apoyo de su pa\u00eds a la perspectiva europea de Turqu\u00eda. \\\"\\\"Queremos que Turqu\u00eda se una a la Uni\u00f3n Europea, dijo. Turqu\u00eda\",\"breadcrumb\":{\"@id\":\"https:\/\/www.ecomnewsmed.com\/en\/2021\/11\/23\/espana-confirma-su-apoyo-a-la-integracion-de-turquia-en-la-union-europea\/#breadcrumb\"},\"inLanguage\":\"en-US\",\"potentialAction\":[{\"@type\":\"ReadAction\",\"target\":[\"https:\/\/www.ecomnewsmed.com\/en\/2021\/11\/23\/espana-confirma-su-apoyo-a-la-integracion-de-turquia-en-la-union-europea\/\"]}]},{\"@type\":\"BreadcrumbList\",\"@id\":\"https:\/\/www.ecomnewsmed.com\/en\/2021\/11\/23\/espana-confirma-su-apoyo-a-la-integracion-de-turquia-en-la-union-europea\/#breadcrumb\",\"itemListElement\":[{\"@type\":\"ListItem\",\"position\":1,\"name\":\"Accueil\",\"item\":\"https:\/\/www.ecomnewsmed.com\/en\/\"},{\"@type\":\"ListItem\",\"position\":2,\"name\":\"Espa\u00f1a confirma su apoyo a la integraci\u00f3n de Turqu\u00eda en la Uni\u00f3n Europea\"}]},{\"@type\":\"WebSite\",\"@id\":\"https:\/\/www.ecomnewsmed.com\/en\/#website\",\"url\":\"https:\/\/www.ecomnewsmed.com\/en\/\",\"name\":\"Ecomnews Med\",\"description\":\"Semua informasi ekonomis dalam waktu singkat.\",\"publisher\":{\"@id\":\"https:\/\/www.ecomnewsmed.com\/en\/#organization\"},\"potentialAction\":[{\"@type\":\"SearchAction\",\"target\":{\"@type\":\"EntryPoint\",\"urlTemplate\":\"https:\/\/www.ecomnewsmed.com\/en\/?s={search_term_string}\"},\"query-input\":\"required name=search_term_string\"}],\"inLanguage\":\"en-US\"},{\"@type\":\"Organization\",\"@id\":\"https:\/\/www.ecomnewsmed.com\/en\/#organization\",\"name\":\"Ecomnewsmed\",\"url\":\"https:\/\/www.ecomnewsmed.com\/en\/\",\"logo\":{\"@type\":\"ImageObject\",\"inLanguage\":\"en-US\",\"@id\":\"https:\/\/www.ecomnewsmed.com\/en\/#\/schema\/logo\/image\/\",\"url\":\"https:\/\/www.ecomnewsmed.com\/app\/uploads\/2020\/08\/ecomewsMedLogoMid.png\",\"contentUrl\":\"https:\/\/www.ecomnewsmed.com\/app\/uploads\/2020\/08\/ecomewsMedLogoMid.png\",\"width\":250,\"height\":250,\"caption\":\"Ecomnewsmed\"},\"image\":{\"@id\":\"https:\/\/www.ecomnewsmed.com\/en\/#\/schema\/logo\/image\/\"}}]}<\/script>\n<!-- \/ Yoast SEO plugin. -->","yoast_head_json":{"title":"Espa\u00f1a confirma su apoyo a la integraci\u00f3n de Turqu\u00eda en la Uni\u00f3n Europea - Ecomnews Med","description":"El Primer Ministro espa\u00f1ol afirm\u00f3 el apoyo de su pa\u00eds a la perspectiva europea de Turqu\u00eda. \"\"Queremos que Turqu\u00eda se una a la Uni\u00f3n Europea, dijo. Turqu\u00eda","robots":{"index":"index","follow":"follow","max-snippet":"max-snippet:-1","max-image-preview":"max-image-preview:large","max-video-preview":"max-video-preview:-1"},"canonical":"https:\/\/www.ecomnewsmed.com\/en\/2021\/11\/23\/espana-confirma-su-apoyo-a-la-integracion-de-turquia-en-la-union-europea\/","og_locale":"en_US","og_type":"article","og_title":"Espa\u00f1a confirma su apoyo a la integraci\u00f3n de Turqu\u00eda en la Uni\u00f3n Europea - Ecomnews Med","og_description":"El Primer Ministro espa\u00f1ol afirm\u00f3 el apoyo de su pa\u00eds a la perspectiva europea de Turqu\u00eda. \"\"Queremos que Turqu\u00eda se una a la Uni\u00f3n Europea, dijo. Turqu\u00eda","og_url":"https:\/\/www.ecomnewsmed.com\/en\/2021\/11\/23\/espana-confirma-su-apoyo-a-la-integracion-de-turquia-en-la-union-europea\/","og_site_name":"Ecomnews Med","article_modified_time":"2021-11-24T09:18:21+00:00","og_image":[{"width":1054,"height":656,"url":"https:\/\/www.ecomnewsmed.com\/app\/uploads\/2020\/12\/what-if-turkey-had-become-a-center-of-attraction-for-global-investment-with-its-reforms-of-the-past-18-years.png","type":"image\/png"}],"twitter_card":"summary_large_image","twitter_misc":{"Est. reading time":"1 minute"},"schema":{"@context":"https:\/\/schema.org","@graph":[{"@type":"WebPage","@id":"https:\/\/www.ecomnewsmed.com\/en\/2021\/11\/23\/espana-confirma-su-apoyo-a-la-integracion-de-turquia-en-la-union-europea\/","url":"https:\/\/www.ecomnewsmed.com\/en\/2021\/11\/23\/espana-confirma-su-apoyo-a-la-integracion-de-turquia-en-la-union-europea\/","name":"Espa\u00f1a confirma su apoyo a la integraci\u00f3n de Turqu\u00eda en la Uni\u00f3n Europea - Ecomnews Med","isPartOf":{"@id":"https:\/\/www.ecomnewsmed.com\/en\/#website"},"datePublished":"2021-11-23T15:31:26+00:00","dateModified":"2021-11-24T09:18:21+00:00","description":"El Primer Ministro espa\u00f1ol afirm\u00f3 el apoyo de su pa\u00eds a la perspectiva europea de Turqu\u00eda. \"\"Queremos que Turqu\u00eda se una a la Uni\u00f3n Europea, dijo. Turqu\u00eda","breadcrumb":{"@id":"https:\/\/www.ecomnewsmed.com\/en\/2021\/11\/23\/espana-confirma-su-apoyo-a-la-integracion-de-turquia-en-la-union-europea\/#breadcrumb"},"inLanguage":"en-US","potentialAction":[{"@type":"ReadAction","target":["https:\/\/www.ecomnewsmed.com\/en\/2021\/11\/23\/espana-confirma-su-apoyo-a-la-integracion-de-turquia-en-la-union-europea\/"]}]},{"@type":"BreadcrumbList","@id":"https:\/\/www.ecomnewsmed.com\/en\/2021\/11\/23\/espana-confirma-su-apoyo-a-la-integracion-de-turquia-en-la-union-europea\/#breadcrumb","itemListElement":[{"@type":"ListItem","position":1,"name":"Accueil","item":"https:\/\/www.ecomnewsmed.com\/en\/"},{"@type":"ListItem","position":2,"name":"Espa\u00f1a confirma su apoyo a la integraci\u00f3n de Turqu\u00eda en la Uni\u00f3n Europea"}]},{"@type":"WebSite","@id":"https:\/\/www.ecomnewsmed.com\/en\/#website","url":"https:\/\/www.ecomnewsmed.com\/en\/","name":"Ecomnews Med","description":"Semua informasi ekonomis dalam waktu singkat.","publisher":{"@id":"https:\/\/www.ecomnewsmed.com\/en\/#organization"},"potentialAction":[{"@type":"SearchAction","target":{"@type":"EntryPoint","urlTemplate":"https:\/\/www.ecomnewsmed.com\/en\/?s={search_term_string}"},"query-input":"required name=search_term_string"}],"inLanguage":"en-US"},{"@type":"Organization","@id":"https:\/\/www.ecomnewsmed.com\/en\/#organization","name":"Ecomnewsmed","url":"https:\/\/www.ecomnewsmed.com\/en\/","logo":{"@type":"ImageObject","inLanguage":"en-US","@id":"https:\/\/www.ecomnewsmed.com\/en\/#\/schema\/logo\/image\/","url":"https:\/\/www.ecomnewsmed.com\/app\/uploads\/2020\/08\/ecomewsMedLogoMid.png","contentUrl":"https:\/\/www.ecomnewsmed.com\/app\/uploads\/2020\/08\/ecomewsMedLogoMid.png","width":250,"height":250,"caption":"Ecomnewsmed"},"image":{"@id":"https:\/\/www.ecomnewsmed.com\/en\/#\/schema\/logo\/image\/"}}]}},"_links":{"self":[{"href":"https:\/\/www.ecomnewsmed.com\/en\/wp-json\/wp\/v2\/news\/34666"}],"collection":[{"href":"https:\/\/www.ecomnewsmed.com\/en\/wp-json\/wp\/v2\/news"}],"about":[{"href":"https:\/\/www.ecomnewsmed.com\/en\/wp-json\/wp\/v2\/types\/news"}],"author":[{"embeddable":true,"href":"https:\/\/www.ecomnewsmed.com\/en\/wp-json\/wp\/v2\/users\/15"}],"replies":[{"embeddable":true,"href":"https:\/\/www.ecomnewsmed.com\/en\/wp-json\/wp\/v2\/comments?post=34666"}],"wp:featuredmedia":[{"embeddable":true,"href":"https:\/\/www.ecomnewsmed.com\/en\/wp-json\/wp\/v2\/media\/30975"}],"wp:attachment":[{"href":"https:\/\/www.ecomnewsmed.com\/en\/wp-json\/wp\/v2\/media?parent=34666"}],"wp:term":[{"taxonomy":"post_tag","embeddable":true,"href":"https:\/\/www.ecomnewsmed.com\/en\/wp-json\/wp\/v2\/tags?post=34666"},{"taxonomy":"location","embeddable":true,"href":"https:\/\/www.ecomnewsmed.com\/en\/wp-json\/wp\/v2\/location?post=34666"}],"curies":[{"name":"wp","href":"https:\/\/api.w.org\/{rel}","templated":true}]}}