{"id":40702,"date":"2022-11-03T07:00:00","date_gmt":"2022-11-03T05:00:00","guid":{"rendered":"https:\/\/www.ecomnewsmed.com\/?post_type=news&#038;p=40702"},"modified":"2022-11-02T19:08:23","modified_gmt":"2022-11-02T17:08:23","slug":"el-reino-de-marruecos-y-espana-preparan-una-colaboracion-para-introducir-la-lengua-espanola-en-el-sistema-educativo-marroqui","status":"publish","type":"news","link":"https:\/\/www.ecomnewsmed.com\/en\/2022\/11\/03\/el-reino-de-marruecos-y-espana-preparan-una-colaboracion-para-introducir-la-lengua-espanola-en-el-sistema-educativo-marroqui\/","title":{"rendered":"El Reino de Marruecos y Espa\u00f1a preparan una colaboraci\u00f3n para introducir la lengua espa\u00f1ola en el sistema educativo marroqu\u00ed"},"content":"\n  \n    \n      \nEl Reino de Marruecos y Espa\u00f1a est\u00e1n preparando una colaboraci\u00f3n destinada a introducir la lengua espa\u00f1ola en el sistema educativo marroqu\u00ed, en particular a nivel de ense\u00f1anza cient\u00edfica y t\u00e9cnica. Este tema estuvo en la agenda de un debate entre los ministros de Educaci\u00f3n de los dos pa\u00edses el lunes 24 de octubre en Madrid.\n\n    \n  \n\n\n  \n    \n      \nEl encuentro entre ambas partes se sald\u00f3 con &#8220;una formulaci\u00f3n consensuada del texto de un memorando de entendimiento para la creaci\u00f3n de secciones biling\u00fces en espa\u00f1ol en el \u00e1mbito cient\u00edfico, que permitir\u00e1 a las partes suscribirlo a la mayor brevedad, una vez cumplidas las formalidades legales&#8221;. se han completado\u201d, indica un comunicado publicado al final de esta reuni\u00f3n.\n\n    \n  \n\n\n  \n    \n      \nEste proyecto se elabora dentro del Grupo de Trabajo de Educaci\u00f3n, Formaci\u00f3n Profesional y Educaci\u00f3n Superior en beneficio de la comunidad educativa de ambos pa\u00edses. Esto sigue a la adopci\u00f3n de la declaraci\u00f3n conjunta resultante del viaje del presidente del Gobierno espa\u00f1ol, Pedro S\u00e1nchez, a Rabat el pasado 7 de abril.\n\n    \n  \n\n\n  \n    \n      \nComo parte de la alianza, se reservar\u00e1 una secci\u00f3n para la formaci\u00f3n de profesores para el despliegue del programa. Adem\u00e1s, se implementar\u00e1 un proyecto de ense\u00f1anza del idioma \u00e1rabe en Espa\u00f1a. La asociaci\u00f3n tambi\u00e9n prev\u00e9 un intercambio de experiencias en el campo de la digitalizaci\u00f3n del sector educativo.\n\n    \n  \n\n","author":114,"featured_media":14679,"comment_status":"open","ping_status":"closed","template":"","tags":[5754,5761,6044,5751,5797,5759,6090],"location":[5525],"class_list":["post-40702","news","type-news","status-publish","has-post-thumbnail","hentry","tag-business","tag-decision-makers","tag-diplomacy","tag-economy","tag-education","tag-politics","tag-spain","location-morocco"],"short_url":"https:\/\/bit.ly\/3TZyLow","have_related_news":"done","chapo":"Marruecos y Espa\u00f1a han iniciado proyectos conjuntos para intensificar su colaboraci\u00f3n en el sector educativo. Se est\u00e1 preparando una nueva asociaci\u00f3n entre los dos pa\u00edses, particularmente en los campos ling\u00fc\u00edstico y digital relacionados con la educaci\u00f3n.","media":{"src":"https:\/\/www.ecomnewsmed.com\/app\/uploads\/2020\/07\/maroc-espagne-550x360.jpg","srcset":"https:\/\/www.ecomnewsmed.com\/app\/uploads\/2020\/07\/maroc-espagne-550x360.jpg 550w","sizes":"550px","alt":"L'Espagne devient le premier partenaire commercial du Maroc !","width":550,"height":360,"ratio":0.66,"credit_photo":""},"media-news-header":{"src":"https:\/\/www.ecomnewsmed.com\/app\/uploads\/2020\/07\/maroc-espagne.jpg","srcset":"https:\/\/www.ecomnewsmed.com\/app\/uploads\/2020\/07\/maroc-espagne.jpg 1170w","sizes":"1170px","alt":"L'Espagne devient le premier partenaire commercial du Maroc !","width":1170,"height":658,"ratio":0.66,"credit_photo":""},"acf":[],"yoast_head":"<!-- This site is optimized with the Yoast SEO plugin v21.9.1 - https:\/\/yoast.com\/wordpress\/plugins\/seo\/ -->\n<title>El Reino de Marruecos y Espa\u00f1a preparan una colaboraci\u00f3n para introducir la lengua espa\u00f1ola en el sistema educativo marroqu\u00ed - Ecomnews Med<\/title>\n<meta name=\"description\" content=\"El Reino de Marruecos y Espa\u00f1a est\u00e1n preparando una colaboraci\u00f3n destinada a introducir la lengua espa\u00f1ola en el sistema educativo marroqu\u00ed, en particular\" \/>\n<meta name=\"robots\" content=\"index, follow, max-snippet:-1, max-image-preview:large, max-video-preview:-1\" \/>\n<link rel=\"canonical\" href=\"https:\/\/www.ecomnewsmed.com\/en\/2022\/11\/03\/el-reino-de-marruecos-y-espana-preparan-una-colaboracion-para-introducir-la-lengua-espanola-en-el-sistema-educativo-marroqui\/\" \/>\n<meta property=\"og:locale\" content=\"en_US\" \/>\n<meta property=\"og:type\" content=\"article\" \/>\n<meta property=\"og:title\" content=\"El Reino de Marruecos y Espa\u00f1a preparan una colaboraci\u00f3n para introducir la lengua espa\u00f1ola en el sistema educativo marroqu\u00ed - Ecomnews Med\" \/>\n<meta property=\"og:description\" content=\"El Reino de Marruecos y Espa\u00f1a est\u00e1n preparando una colaboraci\u00f3n destinada a introducir la lengua espa\u00f1ola en el sistema educativo marroqu\u00ed, en particular\" \/>\n<meta property=\"og:url\" content=\"https:\/\/www.ecomnewsmed.com\/en\/2022\/11\/03\/el-reino-de-marruecos-y-espana-preparan-una-colaboracion-para-introducir-la-lengua-espanola-en-el-sistema-educativo-marroqui\/\" \/>\n<meta property=\"og:site_name\" content=\"Ecomnews Med\" \/>\n<meta property=\"article:modified_time\" content=\"2022-11-02T17:08:23+00:00\" \/>\n<meta property=\"og:image\" content=\"https:\/\/www.ecomnewsmed.com\/app\/uploads\/2020\/07\/maroc-espagne.jpg\" \/>\n\t<meta property=\"og:image:width\" content=\"831\" \/>\n\t<meta property=\"og:image:height\" content=\"550\" \/>\n\t<meta property=\"og:image:type\" content=\"image\/jpeg\" \/>\n<meta name=\"twitter:card\" content=\"summary_large_image\" \/>\n<meta name=\"twitter:label1\" content=\"Est. reading time\" \/>\n\t<meta name=\"twitter:data1\" content=\"2 minutes\" \/>\n<script type=\"application\/ld+json\" class=\"yoast-schema-graph\">{\"@context\":\"https:\/\/schema.org\",\"@graph\":[{\"@type\":\"WebPage\",\"@id\":\"https:\/\/www.ecomnewsmed.com\/en\/2022\/11\/03\/el-reino-de-marruecos-y-espana-preparan-una-colaboracion-para-introducir-la-lengua-espanola-en-el-sistema-educativo-marroqui\/\",\"url\":\"https:\/\/www.ecomnewsmed.com\/en\/2022\/11\/03\/el-reino-de-marruecos-y-espana-preparan-una-colaboracion-para-introducir-la-lengua-espanola-en-el-sistema-educativo-marroqui\/\",\"name\":\"El Reino de Marruecos y Espa\u00f1a preparan una colaboraci\u00f3n para introducir la lengua espa\u00f1ola en el sistema educativo marroqu\u00ed - Ecomnews Med\",\"isPartOf\":{\"@id\":\"https:\/\/www.ecomnewsmed.com\/en\/#website\"},\"datePublished\":\"2022-11-03T05:00:00+00:00\",\"dateModified\":\"2022-11-02T17:08:23+00:00\",\"description\":\"El Reino de Marruecos y Espa\u00f1a est\u00e1n preparando una colaboraci\u00f3n destinada a introducir la lengua espa\u00f1ola en el sistema educativo marroqu\u00ed, en particular\",\"breadcrumb\":{\"@id\":\"https:\/\/www.ecomnewsmed.com\/en\/2022\/11\/03\/el-reino-de-marruecos-y-espana-preparan-una-colaboracion-para-introducir-la-lengua-espanola-en-el-sistema-educativo-marroqui\/#breadcrumb\"},\"inLanguage\":\"en-US\",\"potentialAction\":[{\"@type\":\"ReadAction\",\"target\":[\"https:\/\/www.ecomnewsmed.com\/en\/2022\/11\/03\/el-reino-de-marruecos-y-espana-preparan-una-colaboracion-para-introducir-la-lengua-espanola-en-el-sistema-educativo-marroqui\/\"]}]},{\"@type\":\"BreadcrumbList\",\"@id\":\"https:\/\/www.ecomnewsmed.com\/en\/2022\/11\/03\/el-reino-de-marruecos-y-espana-preparan-una-colaboracion-para-introducir-la-lengua-espanola-en-el-sistema-educativo-marroqui\/#breadcrumb\",\"itemListElement\":[{\"@type\":\"ListItem\",\"position\":1,\"name\":\"Accueil\",\"item\":\"https:\/\/www.ecomnewsmed.com\/en\/\"},{\"@type\":\"ListItem\",\"position\":2,\"name\":\"El Reino de Marruecos y Espa\u00f1a preparan una colaboraci\u00f3n para introducir la lengua espa\u00f1ola en el sistema educativo marroqu\u00ed\"}]},{\"@type\":\"WebSite\",\"@id\":\"https:\/\/www.ecomnewsmed.com\/en\/#website\",\"url\":\"https:\/\/www.ecomnewsmed.com\/en\/\",\"name\":\"Ecomnews Med\",\"description\":\"Semua informasi ekonomis dalam waktu singkat.\",\"publisher\":{\"@id\":\"https:\/\/www.ecomnewsmed.com\/en\/#organization\"},\"potentialAction\":[{\"@type\":\"SearchAction\",\"target\":{\"@type\":\"EntryPoint\",\"urlTemplate\":\"https:\/\/www.ecomnewsmed.com\/en\/?s={search_term_string}\"},\"query-input\":\"required name=search_term_string\"}],\"inLanguage\":\"en-US\"},{\"@type\":\"Organization\",\"@id\":\"https:\/\/www.ecomnewsmed.com\/en\/#organization\",\"name\":\"Ecomnewsmed\",\"url\":\"https:\/\/www.ecomnewsmed.com\/en\/\",\"logo\":{\"@type\":\"ImageObject\",\"inLanguage\":\"en-US\",\"@id\":\"https:\/\/www.ecomnewsmed.com\/en\/#\/schema\/logo\/image\/\",\"url\":\"https:\/\/www.ecomnewsmed.com\/app\/uploads\/2020\/08\/ecomewsMedLogoMid.png\",\"contentUrl\":\"https:\/\/www.ecomnewsmed.com\/app\/uploads\/2020\/08\/ecomewsMedLogoMid.png\",\"width\":250,\"height\":250,\"caption\":\"Ecomnewsmed\"},\"image\":{\"@id\":\"https:\/\/www.ecomnewsmed.com\/en\/#\/schema\/logo\/image\/\"}}]}<\/script>\n<!-- \/ Yoast SEO plugin. -->","yoast_head_json":{"title":"El Reino de Marruecos y Espa\u00f1a preparan una colaboraci\u00f3n para introducir la lengua espa\u00f1ola en el sistema educativo marroqu\u00ed - Ecomnews Med","description":"El Reino de Marruecos y Espa\u00f1a est\u00e1n preparando una colaboraci\u00f3n destinada a introducir la lengua espa\u00f1ola en el sistema educativo marroqu\u00ed, en particular","robots":{"index":"index","follow":"follow","max-snippet":"max-snippet:-1","max-image-preview":"max-image-preview:large","max-video-preview":"max-video-preview:-1"},"canonical":"https:\/\/www.ecomnewsmed.com\/en\/2022\/11\/03\/el-reino-de-marruecos-y-espana-preparan-una-colaboracion-para-introducir-la-lengua-espanola-en-el-sistema-educativo-marroqui\/","og_locale":"en_US","og_type":"article","og_title":"El Reino de Marruecos y Espa\u00f1a preparan una colaboraci\u00f3n para introducir la lengua espa\u00f1ola en el sistema educativo marroqu\u00ed - Ecomnews Med","og_description":"El Reino de Marruecos y Espa\u00f1a est\u00e1n preparando una colaboraci\u00f3n destinada a introducir la lengua espa\u00f1ola en el sistema educativo marroqu\u00ed, en particular","og_url":"https:\/\/www.ecomnewsmed.com\/en\/2022\/11\/03\/el-reino-de-marruecos-y-espana-preparan-una-colaboracion-para-introducir-la-lengua-espanola-en-el-sistema-educativo-marroqui\/","og_site_name":"Ecomnews Med","article_modified_time":"2022-11-02T17:08:23+00:00","og_image":[{"width":831,"height":550,"url":"https:\/\/www.ecomnewsmed.com\/app\/uploads\/2020\/07\/maroc-espagne.jpg","type":"image\/jpeg"}],"twitter_card":"summary_large_image","twitter_misc":{"Est. reading time":"2 minutes"},"schema":{"@context":"https:\/\/schema.org","@graph":[{"@type":"WebPage","@id":"https:\/\/www.ecomnewsmed.com\/en\/2022\/11\/03\/el-reino-de-marruecos-y-espana-preparan-una-colaboracion-para-introducir-la-lengua-espanola-en-el-sistema-educativo-marroqui\/","url":"https:\/\/www.ecomnewsmed.com\/en\/2022\/11\/03\/el-reino-de-marruecos-y-espana-preparan-una-colaboracion-para-introducir-la-lengua-espanola-en-el-sistema-educativo-marroqui\/","name":"El Reino de Marruecos y Espa\u00f1a preparan una colaboraci\u00f3n para introducir la lengua espa\u00f1ola en el sistema educativo marroqu\u00ed - Ecomnews Med","isPartOf":{"@id":"https:\/\/www.ecomnewsmed.com\/en\/#website"},"datePublished":"2022-11-03T05:00:00+00:00","dateModified":"2022-11-02T17:08:23+00:00","description":"El Reino de Marruecos y Espa\u00f1a est\u00e1n preparando una colaboraci\u00f3n destinada a introducir la lengua espa\u00f1ola en el sistema educativo marroqu\u00ed, en particular","breadcrumb":{"@id":"https:\/\/www.ecomnewsmed.com\/en\/2022\/11\/03\/el-reino-de-marruecos-y-espana-preparan-una-colaboracion-para-introducir-la-lengua-espanola-en-el-sistema-educativo-marroqui\/#breadcrumb"},"inLanguage":"en-US","potentialAction":[{"@type":"ReadAction","target":["https:\/\/www.ecomnewsmed.com\/en\/2022\/11\/03\/el-reino-de-marruecos-y-espana-preparan-una-colaboracion-para-introducir-la-lengua-espanola-en-el-sistema-educativo-marroqui\/"]}]},{"@type":"BreadcrumbList","@id":"https:\/\/www.ecomnewsmed.com\/en\/2022\/11\/03\/el-reino-de-marruecos-y-espana-preparan-una-colaboracion-para-introducir-la-lengua-espanola-en-el-sistema-educativo-marroqui\/#breadcrumb","itemListElement":[{"@type":"ListItem","position":1,"name":"Accueil","item":"https:\/\/www.ecomnewsmed.com\/en\/"},{"@type":"ListItem","position":2,"name":"El Reino de Marruecos y Espa\u00f1a preparan una colaboraci\u00f3n para introducir la lengua espa\u00f1ola en el sistema educativo marroqu\u00ed"}]},{"@type":"WebSite","@id":"https:\/\/www.ecomnewsmed.com\/en\/#website","url":"https:\/\/www.ecomnewsmed.com\/en\/","name":"Ecomnews Med","description":"Semua informasi ekonomis dalam waktu singkat.","publisher":{"@id":"https:\/\/www.ecomnewsmed.com\/en\/#organization"},"potentialAction":[{"@type":"SearchAction","target":{"@type":"EntryPoint","urlTemplate":"https:\/\/www.ecomnewsmed.com\/en\/?s={search_term_string}"},"query-input":"required name=search_term_string"}],"inLanguage":"en-US"},{"@type":"Organization","@id":"https:\/\/www.ecomnewsmed.com\/en\/#organization","name":"Ecomnewsmed","url":"https:\/\/www.ecomnewsmed.com\/en\/","logo":{"@type":"ImageObject","inLanguage":"en-US","@id":"https:\/\/www.ecomnewsmed.com\/en\/#\/schema\/logo\/image\/","url":"https:\/\/www.ecomnewsmed.com\/app\/uploads\/2020\/08\/ecomewsMedLogoMid.png","contentUrl":"https:\/\/www.ecomnewsmed.com\/app\/uploads\/2020\/08\/ecomewsMedLogoMid.png","width":250,"height":250,"caption":"Ecomnewsmed"},"image":{"@id":"https:\/\/www.ecomnewsmed.com\/en\/#\/schema\/logo\/image\/"}}]}},"_links":{"self":[{"href":"https:\/\/www.ecomnewsmed.com\/en\/wp-json\/wp\/v2\/news\/40702"}],"collection":[{"href":"https:\/\/www.ecomnewsmed.com\/en\/wp-json\/wp\/v2\/news"}],"about":[{"href":"https:\/\/www.ecomnewsmed.com\/en\/wp-json\/wp\/v2\/types\/news"}],"author":[{"embeddable":true,"href":"https:\/\/www.ecomnewsmed.com\/en\/wp-json\/wp\/v2\/users\/114"}],"replies":[{"embeddable":true,"href":"https:\/\/www.ecomnewsmed.com\/en\/wp-json\/wp\/v2\/comments?post=40702"}],"wp:featuredmedia":[{"embeddable":true,"href":"https:\/\/www.ecomnewsmed.com\/en\/wp-json\/wp\/v2\/media\/14679"}],"wp:attachment":[{"href":"https:\/\/www.ecomnewsmed.com\/en\/wp-json\/wp\/v2\/media?parent=40702"}],"wp:term":[{"taxonomy":"post_tag","embeddable":true,"href":"https:\/\/www.ecomnewsmed.com\/en\/wp-json\/wp\/v2\/tags?post=40702"},{"taxonomy":"location","embeddable":true,"href":"https:\/\/www.ecomnewsmed.com\/en\/wp-json\/wp\/v2\/location?post=40702"}],"curies":[{"name":"wp","href":"https:\/\/api.w.org\/{rel}","templated":true}]}}